{"id":2020,"date":"2016-09-27T19:27:36","date_gmt":"2016-09-27T17:27:36","guid":{"rendered":"http:\/\/2016.benimacletconta.com\/estacion-del-trenet\/?lang=ca"},"modified":"2016-11-29T12:17:37","modified_gmt":"2016-11-29T11:17:37","slug":"estacion-del-trenet","status":"publish","type":"post","link":"http:\/\/benimacletconta.com\/ca\/estacion-del-trenet\/","title":{"rendered":"Estaci\u00f3 del Trenet, &#8220;L&#8217;estacioneta&#8221;"},"content":{"rendered":"\n<style type=\"text\/css\" data-created_by=\"avia_inline_auto\" id=\"style-css-av-av_one_half-b75c891232f39d01a8d00e2a0e674074\">\n.flex_column.av-av_one_half-b75c891232f39d01a8d00e2a0e674074{\nborder-width:1px;\nborder-color:#83a846;\nborder-style:solid;\nborder-radius:0px 0px 0px 0px;\n-webkit-border-radius:0px 0px 0px 0px;\n-moz-border-radius:0px 0px 0px 0px;\npadding:20px 20px 20px 20px;\n}\n<\/style>\n<div class='flex_column av-av_one_half-b75c891232f39d01a8d00e2a0e674074 av_one_half  avia-builder-el-0  el_before_av_one_half  avia-builder-el-first  first flex_column_div '   ><section  class='av_textblock_section av-av_textblock-0366cc7376be6c9e82a3e9cc8987b64f'  itemscope=\"itemscope\" itemtype=\"https:\/\/schema.org\/BlogPosting\" itemprop=\"blogPost\" ><div class='avia_textblock'  itemprop=\"text\" ><h3>Estaci\u00f3 del Trenet, &#8220;L&#8217;estacioneta&#8221;<\/h3>\n<\/div><\/section><br \/>\n<section  class='av_textblock_section av-av_textblock-0366cc7376be6c9e82a3e9cc8987b64f'  itemscope=\"itemscope\" itemtype=\"https:\/\/schema.org\/BlogPosting\" itemprop=\"blogPost\" ><div class='avia_textblock'  itemprop=\"text\" ><p>Data:\u00a0<span style=\"font-weight: 400;\">hasta enero del a\u00f1o 1990<\/span><br \/>\nAdre\u00e7a: ubicada donde ahora est\u00e1 la parada de tranv\u00eda \u201cVicente Zaragoz\u00e1\u201d<br \/>\nArquitectes:<\/p>\n<\/div><\/section><\/p><\/div>\n<style type=\"text\/css\" data-created_by=\"avia_inline_auto\" id=\"style-css-av-av_one_half-9c1d454dc06f7247226bc4e8f931daae\">\n.flex_column.av-av_one_half-9c1d454dc06f7247226bc4e8f931daae{\nborder-radius:0px 0px 0px 0px;\n-webkit-border-radius:0px 0px 0px 0px;\n-moz-border-radius:0px 0px 0px 0px;\n}\n<\/style>\n<div class='flex_column av-av_one_half-9c1d454dc06f7247226bc4e8f931daae av_one_half  avia-builder-el-3  el_after_av_one_half  el_before_av_hr  flex_column_div av-zero-column-padding '   ><style type=\"text\/css\" data-created_by=\"avia_inline_auto\" id=\"style-css-av-av_image-69b63a989c2f810110b8f00345501da4\">\n.avia-image-container.av-av_image-69b63a989c2f810110b8f00345501da4 .av-image-caption-overlay-center{\ncolor:#ffffff;\nfont-size:11px;\n}\n<\/style>\n<div  class='avia-image-container av-av_image-69b63a989c2f810110b8f00345501da4 av-styling- avia-align-center  avia-builder-el-4  avia-builder-el-no-sibling '  itemprop=\"image\" itemscope=\"itemscope\" itemtype=\"https:\/\/schema.org\/ImageObject\" ><div class=\"avia-image-container-inner\"><div class=\"avia-image-overlay-wrap\"><a href=\"http:\/\/benimacletconta.com\/wp-content\/uploads\/2014\/01\/Estacion-del-trenet-BenimacletConta-1024x768.jpg\" data-srcset=\"http:\/\/benimacletconta.com\/wp-content\/uploads\/2014\/01\/Estacion-del-trenet-BenimacletConta-1024x768.jpg 1024w, http:\/\/benimacletconta.com\/wp-content\/uploads\/2014\/01\/Estacion-del-trenet-BenimacletConta-300x225.jpg 300w, http:\/\/benimacletconta.com\/wp-content\/uploads\/2014\/01\/Estacion-del-trenet-BenimacletConta-100x75.jpg 100w, http:\/\/benimacletconta.com\/wp-content\/uploads\/2014\/01\/Estacion-del-trenet-BenimacletConta-150x112.jpg 150w, http:\/\/benimacletconta.com\/wp-content\/uploads\/2014\/01\/Estacion-del-trenet-BenimacletConta-200x150.jpg 200w, http:\/\/benimacletconta.com\/wp-content\/uploads\/2014\/01\/Estacion-del-trenet-BenimacletConta-450x337.jpg 450w, http:\/\/benimacletconta.com\/wp-content\/uploads\/2014\/01\/Estacion-del-trenet-BenimacletConta-600x450.jpg 600w, http:\/\/benimacletconta.com\/wp-content\/uploads\/2014\/01\/Estacion-del-trenet-BenimacletConta-900x675.jpg 900w, http:\/\/benimacletconta.com\/wp-content\/uploads\/2014\/01\/Estacion-del-trenet-BenimacletConta.jpg 1200w\" data-sizes=\"(max-width: 1024px) 100vw, 1024px\" class='avia_image' ><img class='wp-image-2862 avia-img-lazy-loading-not-2862 avia_image' src=\"http:\/\/benimacletconta.com\/wp-content\/uploads\/2014\/01\/Estacion-del-trenet-BenimacletConta-1024x768.jpg\" alt='' title='Estacion del trenet - BenimacletConta'  height=\"768\" width=\"1024\"  itemprop=\"thumbnailUrl\" srcset=\"http:\/\/benimacletconta.com\/wp-content\/uploads\/2014\/01\/Estacion-del-trenet-BenimacletConta-1024x768.jpg 1024w, http:\/\/benimacletconta.com\/wp-content\/uploads\/2014\/01\/Estacion-del-trenet-BenimacletConta-300x225.jpg 300w, http:\/\/benimacletconta.com\/wp-content\/uploads\/2014\/01\/Estacion-del-trenet-BenimacletConta-100x75.jpg 100w, http:\/\/benimacletconta.com\/wp-content\/uploads\/2014\/01\/Estacion-del-trenet-BenimacletConta-150x112.jpg 150w, http:\/\/benimacletconta.com\/wp-content\/uploads\/2014\/01\/Estacion-del-trenet-BenimacletConta-200x150.jpg 200w, http:\/\/benimacletconta.com\/wp-content\/uploads\/2014\/01\/Estacion-del-trenet-BenimacletConta-450x337.jpg 450w, http:\/\/benimacletconta.com\/wp-content\/uploads\/2014\/01\/Estacion-del-trenet-BenimacletConta-600x450.jpg 600w, http:\/\/benimacletconta.com\/wp-content\/uploads\/2014\/01\/Estacion-del-trenet-BenimacletConta-900x675.jpg 900w, http:\/\/benimacletconta.com\/wp-content\/uploads\/2014\/01\/Estacion-del-trenet-BenimacletConta.jpg 1200w\" sizes=\"(max-width: 1024px) 100vw, 1024px\" \/><\/a><\/div><\/div><\/div><\/div><\/p>\n\n<style type=\"text\/css\" data-created_by=\"avia_inline_auto\" id=\"style-css-av-av_hr-0688d0b0b6ed2f8b057db7a8270206df\">\n#top .hr.hr-invisible.av-av_hr-0688d0b0b6ed2f8b057db7a8270206df{\nheight:50px;\n}\n<\/style>\n<div  class='hr av-av_hr-0688d0b0b6ed2f8b057db7a8270206df hr-invisible  avia-builder-el-5  el_after_av_one_half  el_before_av_one_full '><span class='hr-inner '><span class=\"hr-inner-style\"><\/span><\/span><\/div>\n\n<style type=\"text\/css\" data-created_by=\"avia_inline_auto\" id=\"style-css-av-av_one_full-9497bbf8bff73ea4c6992cc17fa9ec36\">\n.flex_column.av-av_one_full-9497bbf8bff73ea4c6992cc17fa9ec36{\nborder-radius:0px 0px 0px 0px;\n-webkit-border-radius:0px 0px 0px 0px;\n-moz-border-radius:0px 0px 0px 0px;\n}\n<\/style>\n<div class='flex_column av-av_one_full-9497bbf8bff73ea4c6992cc17fa9ec36 av_one_full  avia-builder-el-6  el_after_av_hr  el_before_av_hr  first flex_column_div av-zero-column-padding '   ><section  class='av_textblock_section av-av_textblock-0366cc7376be6c9e82a3e9cc8987b64f'  itemscope=\"itemscope\" itemtype=\"https:\/\/schema.org\/BlogPosting\" itemprop=\"blogPost\" ><div class='avia_textblock'  itemprop=\"text\" ><p>\u201cL\u2019estacioneta\u201d, situada prop d\u2019on ara est\u00e0 la parada de tramvia \u201cVicente Zaragoz\u00e1\u201d, comptava amb un xicotet edifici on s&#8217;expenien els bitllets i una sala d&#8217;espera amb bancs de fusta. En ambdues parts de l&#8217;andana hi havia un ampli espai on esperaven els viatgers. Solien, a m\u00e9s, asseure&#8217;s al mur que envoltava l&#8217;estaci\u00f3 en forma de semicercle i servia com a punt de trobada, de tert\u00falia i descans de les persones majors del barri. Comptava tamb\u00e9 amb una llarga filera de plataners, que quan no eren podats salvatgement donaven una agradable ombra.<\/p>\n<div class=\"exp-col-content-holder\">\n<p><a class=\"expand-cnt-link\" href=\"http:\/\/2016.benimacletconta.com\/wp-admin\/post.php?lang=ca&amp;action=edit&amp;post_type=post&amp;post=2020#\">Seguir llegint&#8230;<\/a><\/p>\n<div class=\"hidden-content\">\n<p class=\"hiddenContentp\">La zona de les vies era \u00e0mplia, ja que ac\u00ed s&#8217;ajuntaven els trens que anaven i tornaven. All\u00ed estava doncs el canvi d&#8217;agulles, pel qual un tren podia canviar d&#8217;una via a una altra. A Benimaclet arribaven trens cada 15 minuts i cada mitja hora eixien cap al Grau. A la nit es redu\u00efa la freq\u00fc\u00e8ncia, per\u00f2 seguien eixint trens. Tot a\u00e7\u00f2 va ser aix\u00ed fins a gener de l&#8217;any 1990, quan va eixir l&#8217;\u00faltim trenet. (Veure <a title=\"Luchas del trenet\" href=\"http:\/\/benimacletconta.com\/ca\/luchas-del-trenet\/\">\u201cLes lluites del trenet.\u201d<\/a>)<\/p>\n<\/div>\n<\/div>\n<\/div><\/section><\/div>\n\n<style type=\"text\/css\" data-created_by=\"avia_inline_auto\" id=\"style-css-av-av_hr-0688d0b0b6ed2f8b057db7a8270206df\">\n#top .hr.hr-invisible.av-av_hr-0688d0b0b6ed2f8b057db7a8270206df{\nheight:50px;\n}\n<\/style>\n<div  class='hr av-av_hr-0688d0b0b6ed2f8b057db7a8270206df hr-invisible  avia-builder-el-8  el_after_av_one_full  el_before_av_comments_list '><span class='hr-inner '><span class=\"hr-inner-style\"><\/span><\/span><\/div>\n<div  class='av-buildercomment av-av_comments_list-56c66b2695468e12d3120bc7169a9873  av-blog-meta-html-info-disabled'><\/div>\n","protected":false},"excerpt":{"rendered":"","protected":false},"author":2,"featured_media":47,"comment_status":"open","ping_status":"open","sticky":false,"template":"","format":"standard","meta":[],"categories":[111,107],"tags":[],"_links":{"self":[{"href":"http:\/\/benimacletconta.com\/ca\/wp-json\/wp\/v2\/posts\/2020"}],"collection":[{"href":"http:\/\/benimacletconta.com\/ca\/wp-json\/wp\/v2\/posts"}],"about":[{"href":"http:\/\/benimacletconta.com\/ca\/wp-json\/wp\/v2\/types\/post"}],"author":[{"embeddable":true,"href":"http:\/\/benimacletconta.com\/ca\/wp-json\/wp\/v2\/users\/2"}],"replies":[{"embeddable":true,"href":"http:\/\/benimacletconta.com\/ca\/wp-json\/wp\/v2\/comments?post=2020"}],"version-history":[{"count":5,"href":"http:\/\/benimacletconta.com\/ca\/wp-json\/wp\/v2\/posts\/2020\/revisions"}],"predecessor-version":[{"id":2469,"href":"http:\/\/benimacletconta.com\/ca\/wp-json\/wp\/v2\/posts\/2020\/revisions\/2469"}],"wp:featuredmedia":[{"embeddable":true,"href":"http:\/\/benimacletconta.com\/ca\/wp-json\/wp\/v2\/media\/47"}],"wp:attachment":[{"href":"http:\/\/benimacletconta.com\/ca\/wp-json\/wp\/v2\/media?parent=2020"}],"wp:term":[{"taxonomy":"category","embeddable":true,"href":"http:\/\/benimacletconta.com\/ca\/wp-json\/wp\/v2\/categories?post=2020"},{"taxonomy":"post_tag","embeddable":true,"href":"http:\/\/benimacletconta.com\/ca\/wp-json\/wp\/v2\/tags?post=2020"}],"curies":[{"name":"wp","href":"https:\/\/api.w.org\/{rel}","templated":true}]}}